{"id":34875,"date":"2024-05-10T09:34:40","date_gmt":"2024-05-10T07:34:40","guid":{"rendered":"https:\/\/oldehanhoff.nl\/?p=34875"},"modified":"2025-11-25T17:08:55","modified_gmt":"2025-11-25T16:08:55","slug":"nacht-van-de-forten","status":"publish","type":"post","link":"https:\/\/vh2014zbeml-0.hosting-space.nl\/?p=34875","title":{"rendered":"Nacht van de forten"},"content":{"rendered":"\n<figure class=\"wp-block-image size-full\"><img loading=\"lazy\" decoding=\"async\" width=\"890\" height=\"593\" src=\"https:\/\/oldehanhoff.nl\/wp-content\/uploads\/2024\/05\/441171128_462675476127130_7004738168055206341_n.jpg\" alt=\"\" class=\"wp-image-34876\" srcset=\"https:\/\/vh2014zbeml-0.hosting-space.nl\/wp-content\/uploads\/2024\/05\/441171128_462675476127130_7004738168055206341_n.jpg 890w, https:\/\/vh2014zbeml-0.hosting-space.nl\/wp-content\/uploads\/2024\/05\/441171128_462675476127130_7004738168055206341_n-300x200.jpg 300w, https:\/\/vh2014zbeml-0.hosting-space.nl\/wp-content\/uploads\/2024\/05\/441171128_462675476127130_7004738168055206341_n-768x512.jpg 768w, https:\/\/vh2014zbeml-0.hosting-space.nl\/wp-content\/uploads\/2024\/05\/441171128_462675476127130_7004738168055206341_n-150x100.jpg 150w\" sizes=\"auto, (max-width: 890px) 100vw, 890px\" \/><figcaption class=\"wp-element-caption\">St. Michielsfort in \u0160ibenik<\/figcaption><\/figure>\n\n\n\n<p><strong><em>De derde editie van het Europese evenement, de Nacht van de Forten, dat drie jaar geleden werd gelanceerd door de Kroatische kuststad \u0160ibenik, zal plaatsvinden op vrijdag 10 mei in meer dan 40 steden in zes landen.<\/em><\/strong><\/p>\n\n\n\n<p>Het project wordt gezamenlijk uitgevoerd door de openbare instelling Cultuurfort \u0160ibenik, de stad Karlovac, de steden Banja Luka en Trebinje in Bosni\u00eb en Herzegovina, en de Montenegrijnse gemeenten Bar en Ulcinj.<\/p>\n\n\n\n<p>Het idee is om forten, wallen en kastelen in Kroati\u00eb, Bosni\u00eb en Herzegovina, Tsjechi\u00eb, Montenegro, Servi\u00eb, Sloveni\u00eb en Oekra\u00efne met elkaar te verbinden en het culturele en toeristische aanbod in Europese steden met vestingerfgoed te verbeteren.<\/p>\n\n\n\n<p>De Nacht van de Vestingen wordt in alle deelnemende steden tegelijkertijd gehouden. In Kroati\u00eb wordt het evenement, naast \u0160ibenik, gehouden in Hvar, Kraljevica, Bribir, Osijek, Dubrovnik, Brod na Kupi, Vrana bij Pako\u0161tane, Buje, Svetvin\u010denat, Ogulin, Zadar, Klis, Trogir, Makarska, Omi\u0161, Novigrad, Duga Resa, Tkon, Pag, Ozalj, Vrgorac, Slavonski Brod, Bakar, Preko, Trako\u0161\u0107an, Kor\u010dula, Desini\u0107, Vara\u017edin, Na\u0161ice en Karlovac.<\/p>\n\n\n\n<p>Het evenement werd voor het eerst gehouden in Kroati\u00eb, Bosni\u00eb en Herzegovina en Montenegro in 2022 als resultaat van het gezamenlijke Europese project FORTITUDE. De afgelopen twee jaar heeft het programma&#8217;s op meer dan 45 vestingwerken in zes landen met elkaar verbonden en gepromoot.<\/p>\n\n\n\n<p>E\u00e9n van de doelstellingen van dit project is het vergroten van het bewustzijn van het potentieel en het belang van cultureel erfgoed als generator van cultureel toerisme.<\/p>\n\n\n\n<p><strong><em>Bron:\u00a0<\/em><\/strong>CroatiaWeek<\/p>\n\n\n\n<figure class=\"wp-block-image size-full\"><img loading=\"lazy\" decoding=\"async\" width=\"827\" height=\"478\" src=\"https:\/\/oldehanhoff.nl\/wp-content\/uploads\/2024\/05\/438165514_462675472793797_4299886000477934301_n.jpg\" alt=\"\" class=\"wp-image-34877\" srcset=\"https:\/\/vh2014zbeml-0.hosting-space.nl\/wp-content\/uploads\/2024\/05\/438165514_462675472793797_4299886000477934301_n.jpg 827w, https:\/\/vh2014zbeml-0.hosting-space.nl\/wp-content\/uploads\/2024\/05\/438165514_462675472793797_4299886000477934301_n-300x173.jpg 300w, https:\/\/vh2014zbeml-0.hosting-space.nl\/wp-content\/uploads\/2024\/05\/438165514_462675472793797_4299886000477934301_n-768x444.jpg 768w, https:\/\/vh2014zbeml-0.hosting-space.nl\/wp-content\/uploads\/2024\/05\/438165514_462675472793797_4299886000477934301_n-150x87.jpg 150w\" sizes=\"auto, (max-width: 827px) 100vw, 827px\" \/><figcaption class=\"wp-element-caption\">Fort Barone in \u0160ibenik<\/figcaption><\/figure>\n\n\n\n<figure class=\"wp-block-image size-full\"><img loading=\"lazy\" decoding=\"async\" width=\"827\" height=\"478\" src=\"https:\/\/oldehanhoff.nl\/wp-content\/uploads\/2024\/05\/441953312_462675469460464_8004968511026892526_n.jpg\" alt=\"\" class=\"wp-image-34878\" srcset=\"https:\/\/vh2014zbeml-0.hosting-space.nl\/wp-content\/uploads\/2024\/05\/441953312_462675469460464_8004968511026892526_n.jpg 827w, https:\/\/vh2014zbeml-0.hosting-space.nl\/wp-content\/uploads\/2024\/05\/441953312_462675469460464_8004968511026892526_n-300x173.jpg 300w, https:\/\/vh2014zbeml-0.hosting-space.nl\/wp-content\/uploads\/2024\/05\/441953312_462675469460464_8004968511026892526_n-768x444.jpg 768w, https:\/\/vh2014zbeml-0.hosting-space.nl\/wp-content\/uploads\/2024\/05\/441953312_462675469460464_8004968511026892526_n-150x87.jpg 150w\" sizes=\"auto, (max-width: 827px) 100vw, 827px\" \/><figcaption class=\"wp-element-caption\">Fort van Klis (vlakbij Split)<\/figcaption><\/figure>\n\n\n\n<iframe loading=\"lazy\" src=\"https:\/\/www.facebook.com\/plugins\/post.php?href=https%3A%2F%2Fwww.facebook.com%2Fcroatia.week%2Fposts%2Fpfbid0DnTJyRW7XfeaWWCrxyqyg4TdJei6EhZDHTeafTNkBp7VJm5msmoJgTRaRgCqfr9Sl&#038;width=800&#038;show_text=true&#038;appId=732290141245040&#038;height=574\" width=\"800\" height=\"574\" style=\"border:none;overflow:hidden\" scrolling=\"no\" frameborder=\"0\" allowfullscreen=\"true\" allow=\"autoplay; clipboard-write; encrypted-media; picture-in-picture; web-share\"><\/iframe>\n","protected":false},"excerpt":{"rendered":"<p>De derde editie van het Europese evenement, de Nacht van de Forten, dat drie jaar geleden werd gelanceerd door de Kroatische kuststad \u0160ibenik, zal plaatsvinden op vrijdag 10 mei in meer dan 40 steden in zes landen. Het project wordt gezamenlijk uitgevoerd door de openbare instelling Cultuurfort \u0160ibenik, de stad\u2026<\/p>\n<p class=\"continue-reading-button\"> <a class=\"continue-reading-link\" href=\"https:\/\/vh2014zbeml-0.hosting-space.nl\/?p=34875\">Lees verder<i class=\"crycon-right-dir\"><\/i><\/a><\/p>\n","protected":false},"author":1,"featured_media":0,"comment_status":"closed","ping_status":"closed","sticky":false,"template":"","format":"standard","meta":{"_uag_custom_page_level_css":"","footnotes":"","_links_to":"","_links_to_target":""},"categories":[1158],"tags":[411,931,31,934],"class_list":["post-34875","post","type-post","status-publish","format-standard","hentry","category-20xx-kroatie-dalmatie-o-a-dubrovnik","tag-dubrovnik","tag-hvar","tag-kroatie","tag-sibenik"],"uagb_featured_image_src":{"full":false,"thumbnail":false,"medium":false,"medium_large":false,"large":false,"1536x1536":false,"2048x2048":false,"custom":false,"post-thumbnail":false,"header":false,"slider":false,"columns":false},"uagb_author_info":{"display_name":"Eddy","author_link":"https:\/\/vh2014zbeml-0.hosting-space.nl\/?author=1"},"uagb_comment_info":0,"uagb_excerpt":"De derde editie van het Europese evenement, de Nacht van de Forten, dat drie jaar geleden werd gelanceerd door de Kroatische kuststad \u0160ibenik, zal plaatsvinden op vrijdag 10 mei in meer dan 40 steden in zes landen. Het project wordt gezamenlijk uitgevoerd door de openbare instelling Cultuurfort \u0160ibenik, de stad\u2026 Lees verder","_links":{"self":[{"href":"https:\/\/vh2014zbeml-0.hosting-space.nl\/index.php?rest_route=\/wp\/v2\/posts\/34875","targetHints":{"allow":["GET"]}}],"collection":[{"href":"https:\/\/vh2014zbeml-0.hosting-space.nl\/index.php?rest_route=\/wp\/v2\/posts"}],"about":[{"href":"https:\/\/vh2014zbeml-0.hosting-space.nl\/index.php?rest_route=\/wp\/v2\/types\/post"}],"author":[{"embeddable":true,"href":"https:\/\/vh2014zbeml-0.hosting-space.nl\/index.php?rest_route=\/wp\/v2\/users\/1"}],"replies":[{"embeddable":true,"href":"https:\/\/vh2014zbeml-0.hosting-space.nl\/index.php?rest_route=%2Fwp%2Fv2%2Fcomments&post=34875"}],"version-history":[{"count":1,"href":"https:\/\/vh2014zbeml-0.hosting-space.nl\/index.php?rest_route=\/wp\/v2\/posts\/34875\/revisions"}],"predecessor-version":[{"id":34879,"href":"https:\/\/vh2014zbeml-0.hosting-space.nl\/index.php?rest_route=\/wp\/v2\/posts\/34875\/revisions\/34879"}],"wp:attachment":[{"href":"https:\/\/vh2014zbeml-0.hosting-space.nl\/index.php?rest_route=%2Fwp%2Fv2%2Fmedia&parent=34875"}],"wp:term":[{"taxonomy":"category","embeddable":true,"href":"https:\/\/vh2014zbeml-0.hosting-space.nl\/index.php?rest_route=%2Fwp%2Fv2%2Fcategories&post=34875"},{"taxonomy":"post_tag","embeddable":true,"href":"https:\/\/vh2014zbeml-0.hosting-space.nl\/index.php?rest_route=%2Fwp%2Fv2%2Ftags&post=34875"}],"curies":[{"name":"wp","href":"https:\/\/api.w.org\/{rel}","templated":true}]}}